{"id":4392,"date":"2026-04-30T04:00:00","date_gmt":"2026-04-30T04:00:00","guid":{"rendered":"im-67006"},"modified":"-0001-11-30T00:00:00","modified_gmt":"-0001-11-29T22:00:00","slug":"kosten-fur-e-recognition-keine-ausrede","status":"publish","type":"post","link":"https:\/\/vwg.nl\/de\/kosten-eherkenning-geen-excuus\/","title":{"rendered":"Kosten f\u00fcr eRecognition keine Ausrede"},"content":{"rendered":"<p>Eine bv hat f\u00fcr die Jahre 2019 bis 2021 keine Umsatzsteuererkl\u00e4rungen abgegeben. Die bv argumentiert, dass dies daran liegt, dass die Erkl\u00e4rung nur mit eRecognition m\u00f6glich ist. Die daf\u00fcr anfallenden Kosten kann sie nicht bezahlen. Der Pr\u00fcfer verh\u00e4ngte daher automatisch Null-K\u00f6rperschaftsteuerbescheide f\u00fcr diese Jahre und ein S\u00e4umniszuschlag von 2.757 \u20ac f\u00fcr das Jahr 2021.<\/p>\n<h4>Kosten f\u00fcr eRecognition nicht unverh\u00e4ltnism\u00e4\u00dfig<\/h4>\n<p>Die Kosten von eRecognition sind nicht so hoch, dass sie im Verh\u00e4ltnis zu den Zielen, die der Finanzstaatssekret\u00e4r mit der Einf\u00fchrung von eRecognition verfolgt, unverh\u00e4ltnism\u00e4\u00dfig sind. Solange die bv existiert, muss sie die j\u00e4hrlichen MwSt-Erkl\u00e4rungen mit eRecognition einreichen. Au\u00dferdem hat die bv nichts \u00fcber die in den betreffenden Jahren entstandenen Verluste vorgebracht. Die Einspr\u00fcche gegen die Nullbescheide sind daher unbegr\u00fcndet.<\/p>\n<h4>S\u00e4umniszuschlag reduziert<\/h4>\n<p>Die bv r\u00e4umt ein, dass sie die K\u00f6rperschaftssteuererkl\u00e4rungen f\u00fcr die Jahre 2019 bis 2021 nicht (rechtzeitig) abgegeben hat. Die Verh\u00e4ngung eines Vers\u00e4umniszuschlags f\u00fcr das Jahr 2021 war daher gerechtfertigt. Allerdings mindert das Gericht das Vers\u00e4umnisurteil aufgrund der finanziellen Verh\u00e4ltnisse der bv. Die Strafe wird daher zun\u00e4chst auf 500 \u20ac herabgesetzt.<\/p>\n<h4>\u00dcberschreitung einer angemessenen Frist<\/h4>\n<p>Die Geldbu\u00dfe wird bei 'unangemessener Verz\u00f6gerung' oder \u00dcberschreitung der angemessenen Frist weiter gesenkt. Seit der Bekanntgabe der Geldbu\u00dfe sind mehr als 42 Monate vergangen. Die angemessene Frist von zwei Jahren wurde somit um 18 Monate \u00fcberschritten. Die Geldbu\u00dfe wird um 15% auf 425 \u20ac herabgesetzt.<\/p>\n<div style=\"font-size:smaller\" class=\"im_source\">Quelle: Bezirksgericht Zeeland-West Brabant | Rechtsprechung | ECLI:NL:RBZWB:2026:2478 | 01-04-2026<\/div>","protected":false},"excerpt":{"rendered":"<p>Eine bv hat f\u00fcr die Jahre 2019 bis 2021 keine Umsatzsteuererkl\u00e4rungen abgegeben. Die bv argumentiert, dass dies der Fall ist, weil<\/p>","protected":false},"author":2,"featured_media":4393,"comment_status":"closed","ping_status":"closed","sticky":false,"template":"","format":"standard","meta":{"_acf_changed":false,"footnotes":""},"categories":[1],"tags":[],"class_list":["post-4392","post","type-post","status-publish","format-standard","has-post-thumbnail","hentry","category-uncategorized"],"acf":[],"_links":{"self":[{"href":"https:\/\/vwg.nl\/de\/wp-json\/wp\/v2\/posts\/4392","targetHints":{"allow":["GET"]}}],"collection":[{"href":"https:\/\/vwg.nl\/de\/wp-json\/wp\/v2\/posts"}],"about":[{"href":"https:\/\/vwg.nl\/de\/wp-json\/wp\/v2\/types\/post"}],"author":[{"embeddable":true,"href":"https:\/\/vwg.nl\/de\/wp-json\/wp\/v2\/users\/2"}],"replies":[{"embeddable":true,"href":"https:\/\/vwg.nl\/de\/wp-json\/wp\/v2\/comments?post=4392"}],"version-history":[{"count":0,"href":"https:\/\/vwg.nl\/de\/wp-json\/wp\/v2\/posts\/4392\/revisions"}],"wp:featuredmedia":[{"embeddable":true,"href":"https:\/\/vwg.nl\/de\/wp-json\/wp\/v2\/media\/4393"}],"wp:attachment":[{"href":"https:\/\/vwg.nl\/de\/wp-json\/wp\/v2\/media?parent=4392"}],"wp:term":[{"taxonomy":"category","embeddable":true,"href":"https:\/\/vwg.nl\/de\/wp-json\/wp\/v2\/categories?post=4392"},{"taxonomy":"post_tag","embeddable":true,"href":"https:\/\/vwg.nl\/de\/wp-json\/wp\/v2\/tags?post=4392"}],"curies":[{"name":"wp","href":"https:\/\/api.w.org\/{rel}","templated":true}]}}