{"id":1275,"date":"2022-10-19T12:10:37","date_gmt":"2022-10-19T10:10:37","guid":{"rendered":"https:\/\/vwg.nl\/uncategorized\/tegemoetkoming-energiekosten-tek\/"},"modified":"2026-03-03T10:34:21","modified_gmt":"2026-03-03T09:34:21","slug":"zuschuss-zu-den-energiekosten","status":"publish","type":"post","link":"https:\/\/vwg.nl\/de\/tegemoetkoming-energiekosten-tek\/","title":{"rendered":"Zuschuss zu den Energiekosten (TEK)"},"content":{"rendered":"<p class=\"wp-block-paragraph\">Mit der TEK \u00fcbernimmt der Staat einen Teil der gestiegenen Energiekosten der energieintensiven KMU. Die TEK wurde in einer <a href=\"https:\/\/www.rijksoverheid.nl\/documenten\/kamerstukken\/2022\/10\/14\/kamerbrief-regeling-tegemoetkoming-energiekosten-tek-voor-energie-intensieve-mkb-bedrijven\" target=\"_blank\" rel=\"noreferrer noopener\">Schreiben<\/a> des Wirtschaftsministers an die Zweite Kammer. Aus diesem Schreiben entnehmen wir die folgenden Informationen.<\/p>\n\n\n\n<h2 class=\"wp-block-heading\">Bedingungen<\/h2>\n\n\n\n<p class=\"wp-block-paragraph\">Um f\u00fcr die TEK in Frage zu kommen, muss ein Unternehmer die folgenden Anforderungen erf\u00fcllen. Das KMU:<\/p>\n\n\n\n<ul class=\"wp-block-list\">\n<li>entspricht der europ\u00e4ischen KMU-Definition;<\/li>\n\n\n\n<li>ist im Handelsregister eingetragen;<\/li>\n\n\n\n<li>verbraucht j\u00e4hrlich mindestens 5.000 m\u00b3 Gas oder 50.000 kWh Strom;<\/li>\n\n\n\n<li>ist ein energieintensives Unternehmen, von dem mindestens 12,5% <em><strong>(Inzwischen wurde vorgeschlagen, diesen Schwellenwert auf 7% zu senken; siehe unseren Artikel <a href=\"https:\/\/vwg.nl\/de\/nieuws\/zuschuss-zu-den-energiekosten-wurde-ausgeweitet\/\" target=\"_blank\" rel=\"noreferrer noopener\">Zuschuss zu den Energiekosten (TEK) ausgeweitet<\/a>)<\/strong><\/em> des Umsatzes entf\u00e4llt auf Energiekosten (hierbei wird grunds\u00e4tzlich vom ersten und zweiten Quartal 2023 ausgegangen).<\/li>\n<\/ul>\n\n\n\n<p class=\"wp-block-paragraph\">Gem\u00e4\u00df der europ\u00e4ischen Definition besch\u00e4ftigt ein KMU weniger als 250 Mitarbeiter und weist entweder einen Jahresumsatz von weniger als 50 Millionen Euro oder eine Bilanzsumme von weniger als 43 Millionen Euro auf. Diese Kriterien gelten f\u00fcr das gesamte Unternehmen, einschlie\u00dflich Partnerunternehmen und verbundener Unternehmen.<\/p>\n\n\n\n<h2 class=\"wp-block-heading\">F\u00f6rderbetrag<\/h2>\n\n\n\n<p class=\"wp-block-paragraph\">Die Ausgleichszahlung entspricht 50% der Kostensteigerung gegen\u00fcber dem Schwellenpreis. Der Schwellenpreis wurde auf 1,19 \u20ac\/m\u00b3 Gas und 0,35 \u20ac\/kWh Strom festgelegt (dies entspricht dem Preis f\u00fcr Privathaushalte abz\u00fcglich der Mehrwertsteuer). Dieser Schwellenpreis wird mit dem Marktpreis verglichen. Wie der Marktpreis ermittelt wird, muss noch n\u00e4her ausgearbeitet werden. Die maximale Verg\u00fctung (die F\u00f6rderobergrenze) betr\u00e4gt 160.000 \u20ac pro Unternehmer (also nicht pro Energievertrag oder pro Standort). F\u00fcr landwirtschaftliche Betriebe gilt aufgrund abweichender europ\u00e4ischer Vorschriften eine andere F\u00f6rderobergrenze.<\/p>\n\n\n\n<p class=\"wp-block-paragraph\">Die maximale Preisausgleichszahlung betr\u00e4gt 1,00 \u20ac pro m\u00b3 Gas und 0,30 \u20ac\/kWh Strom. Preissteigerungen \u00fcber 3,19 \u20ac\/m\u00b3 Gas und 0,95 \u20ac\/kWh Strom hinaus werden daher nicht ausgeglichen.<\/p>\n\n\n\n<h2 class=\"wp-block-heading\">Ausf\u00fchrung<\/h2>\n\n\n\n<p class=\"wp-block-paragraph\">Die TEK wird durchgef\u00fchrt von der <a href=\"https:\/\/www.rvo.nl\/\" target=\"_blank\" rel=\"noreferrer noopener\">Rijksdienst voor Ondernemend Nederland (RVO)<\/a>. Unternehmer, die \u00fcber die aktuellen Entwicklungen rund um die TEK auf dem Laufenden gehalten werden m\u00f6chten, k\u00f6nnen dazu ihre <a href=\"https:\/\/data.rvo.nl\/tegemoetkoming-energiekosten-tek-blijf-op-de-hoogte-wssl\" target=\"_blank\" rel=\"noreferrer noopener\">E-Mail-Adresse<\/a> bei der RVO hinterlegen.<\/p>\n\n\n\n<p class=\"wp-block-paragraph\">Die Regelung gilt f\u00fcr das gesamte Jahr 2023 sowie f\u00fcr die letzten beiden Monate des Jahres 2022. Der erste Antrag kann jedoch voraussichtlich erst im zweiten Quartal 2023 gestellt werden.<\/p>\n\n\n\n<p class=\"wp-block-paragraph\">F\u00fcr allgemeine Informationen und pers\u00f6nliche Beratung k\u00f6nnen sich Unternehmer an das <a href=\"https:\/\/www.kvk.nl\/energieloket\/\" target=\"_blank\" rel=\"noreferrer noopener\">Energieberatungsstelle<\/a> der Handelskammer (auf kvk.nl). <\/p>","protected":false},"excerpt":{"rendered":"<p>De overheid neemt met de TEK een deel van de gestegen energiekosten over van het energie-intensieve MKB. De TEK is aangekondigd in een brief van de Minister van Economische zaken aan de Tweede Kamer. Aan deze brief ontlenen wij het onderstaande. Voorwaarden Om voor de TEK in aanmerking te komen, moet een ondernemer aan de [&hellip;]<\/p>\n","protected":false},"author":1,"featured_media":0,"comment_status":"closed","ping_status":"closed","sticky":false,"template":"","format":"standard","meta":{"_acf_changed":false,"footnotes":""},"categories":[1],"tags":[],"class_list":["post-1275","post","type-post","status-publish","format-standard","hentry","category-uncategorized"],"acf":[],"_links":{"self":[{"href":"https:\/\/vwg.nl\/de\/wp-json\/wp\/v2\/posts\/1275","targetHints":{"allow":["GET"]}}],"collection":[{"href":"https:\/\/vwg.nl\/de\/wp-json\/wp\/v2\/posts"}],"about":[{"href":"https:\/\/vwg.nl\/de\/wp-json\/wp\/v2\/types\/post"}],"author":[{"embeddable":true,"href":"https:\/\/vwg.nl\/de\/wp-json\/wp\/v2\/users\/1"}],"replies":[{"embeddable":true,"href":"https:\/\/vwg.nl\/de\/wp-json\/wp\/v2\/comments?post=1275"}],"version-history":[{"count":0,"href":"https:\/\/vwg.nl\/de\/wp-json\/wp\/v2\/posts\/1275\/revisions"}],"wp:attachment":[{"href":"https:\/\/vwg.nl\/de\/wp-json\/wp\/v2\/media?parent=1275"}],"wp:term":[{"taxonomy":"category","embeddable":true,"href":"https:\/\/vwg.nl\/de\/wp-json\/wp\/v2\/categories?post=1275"},{"taxonomy":"post_tag","embeddable":true,"href":"https:\/\/vwg.nl\/de\/wp-json\/wp\/v2\/tags?post=1275"}],"curies":[{"name":"wp","href":"https:\/\/api.w.org\/{rel}","templated":true}]}}