{"id":1268,"date":"2022-09-28T07:41:48","date_gmt":"2022-09-28T05:41:48","guid":{"rendered":"https:\/\/vwg.nl\/uncategorized\/restwaarde-leasefiets\/"},"modified":"2026-03-03T10:34:21","modified_gmt":"2026-03-03T09:34:21","slug":"restwert-eines-leasingfahrrads","status":"publish","type":"post","link":"https:\/\/vwg.nl\/de\/restwaarde-leasefiets\/","title":{"rendered":"Restwert eines Leasingfahrrads"},"content":{"rendered":"<p class=\"wp-block-paragraph\">Der Staatssekret\u00e4r f\u00fcr Finanzen hat in einem <a href=\"https:\/\/zoek.officielebekendmakingen.nl\/stcrt-2022-24901.html\" target=\"_blank\" rel=\"noreferrer noopener\">Entscheidung<\/a> eine Genehmigung f\u00fcr die Ermittlung des Restwerts eines \u201cLeasingfahrrads\u201d erteilt.<\/p>\n\n\n\n<h2 class=\"wp-block-heading\">Leasing-Fahrrad<\/h2>\n\n\n\n<p class=\"wp-block-paragraph\">Mit dem Begriff \u201cLeasingfahrrad\u201d bezeichnen wir ein Fahrrad, das dem Arbeitnehmer vom Arbeitgeber zur Verf\u00fcgung gestellt wird. Das bedeutet, dass der Arbeitgeber Eigent\u00fcmer des Fahrrads bleibt und der Arbeitnehmer das Fahrrad nutzen darf. Der Arbeitgeber muss das Fahrrad nicht leasen, sondern kann es auch gekauft haben.<\/p>\n\n\n\n<p class=\"wp-block-paragraph\">F\u00fcr ein zur Verf\u00fcgung gestelltes Fahrrad gilt seit einigen Jahren eine Zusatzbesteuerungsregelung. Der private Nutzungsanteil des Arbeitnehmers wird auf 7% des empfohlenen Verbraucherpreises (inklusive Mehrwertsteuer) des Fahrrads festgesetzt. Dieser Betrag wird zum Lohn hinzugerechnet, auf den Lohnsteuer zu entrichten ist.<\/p>\n\n\n\n<p class=\"wp-block-paragraph\">Der Arbeitgeber kann den Betrag der Zurechnung f\u00fcr den Freiraum der Arbeitskostenregelung festlegen. Der Arbeitnehmer schuldet dann keine Lohnsteuer. Der Arbeitgeber hingegen schon, allerdings nur insoweit, als die Summe der f\u00fcr den Freiraum festgelegten Verg\u00fctungen und Sachleistungen den Freiraum \u00fcberschreitet.<\/p>\n\n\n\n<h2 class=\"wp-block-heading\">Ein Fahrrad \u00fcbernehmen<\/h2>\n\n\n\n<p class=\"wp-block-paragraph\">Wenn der Arbeitnehmer das Fahrrad des Arbeitgebers \u00fcbernehmen m\u00f6chte, gibt es zwei M\u00f6glichkeiten:<\/p>\n\n\n\n<ul class=\"wp-block-list\"><li>Der Arbeitnehmer zahlt dem Arbeitgeber den Wert des Fahrrads;<\/li><li>Der Wert des Fahrrads wird dem Lohn des Arbeitnehmers zugerechnet, und darauf wird Lohnsteuer gezahlt (es sei denn, der Arbeitgeber ordnet diesen Lohn dem \u201efreien Spielraum\u201c der Arbeitskostenregelung zu).<\/li><\/ul>\n\n\n\n<p class=\"wp-block-paragraph\">Die Genehmigung bedeutet, dass der Wert des Fahrrads unter Ber\u00fccksichtigung einer Wertminderung von 20% pro Jahr ermittelt werden darf. Nach Ablauf von 5 Jahren betr\u00e4gt der Wert dann null, und der Arbeitnehmer darf das Fahrrad kostenlos vom Arbeitgeber \u00fcbernehmen.<\/p>\n\n\n\n<p class=\"wp-block-paragraph\">Arbeitnehmern, denen ihr Arbeitgeber ein Fahrrad zur Verf\u00fcgung gestellt hat, kann die steuerfreie Verg\u00fctung von 0,19 \u20ac pro Kilometer (ab 2023: 0,21 \u20ac pro Kilometer) f\u00fcr den Weg zwischen Wohnort und Arbeitsst\u00e4tte nicht gezahlt werden. Mit dem zur Verf\u00fcgung gestellten Fahrrad sorgt der Arbeitgeber n\u00e4mlich f\u00fcr den Weg zwischen Wohnort und Arbeitsst\u00e4tte (in diesem Fall handelt es sich um \u201cBef\u00f6rderung durch den Arbeitgeber\u201d).<\/p>\n\n\n\n<h2 class=\"wp-block-heading\">Beispiel<\/h2>\n\n\n\n<p class=\"wp-block-paragraph\">Ein Arbeitgeber stellt einem Arbeitnehmer ein brandneues Fahrrad zur Verf\u00fcgung, das der Arbeitgeber f\u00fcr 2.500 \u20ac (inklusive MwSt.) erwirbt. Der Arbeitgeber ordnet den Zusatzbetrag nicht dem Freibetrag der Arbeitskostenregelung zu. Nach 5 Jahren schenkt der Arbeitgeber dem Arbeitnehmer das Fahrrad.<\/p>\n\n\n\n<p class=\"wp-block-paragraph\">Der Arbeitnehmer hat dann 5 Jahre lang Lohnsteuer auf 7% von 2.500 \u20ac gezahlt, also auf 875 \u20ac (5 \u00d7 175 \u20ac). Wenn der Arbeitnehmer den h\u00f6chsten Steuersatz (49,5%) zu zahlen hat, kostet ihn oder sie dies 433 \u20ac.<\/p>\n\n\n\n<p class=\"wp-block-paragraph\">Der Arbeitgeber zahlt f\u00fcr das Fahrrad 2.500 \u20ac und darf 130 \u20ac Mehrwertsteuer abziehen (gem\u00e4\u00df dem BUA darf 21% Mehrwertsteuer von 749 \u20ac abgezogen werden). Unter dem Strich belaufen sich die Kosten f\u00fcr den Arbeitgeber auf 2.370 \u20ac. F\u00fcr den Mehrwertsteuerabzug gilt die Bedingung, dass der Arbeitnehmer an nicht mehr als 50% der Tage, an denen er zur Arbeit pendelt, eine Reisekostenpauschale oder eine andere Form der Bef\u00f6rderung vom Arbeitgeber erh\u00e4lt.<\/p>","protected":false},"excerpt":{"rendered":"<p>De Staatssecretaris van Financi\u00ebn heeft in een besluit een goedkeuring gegeven voor de bepaling van de restwaarde van een &#8220;leasefiets&#8221;. Leasefiets Met de term &#8220;leasefiets&#8221; duiden we op een fiets die door de werkgever aan de werknemer ter beschikking wordt gesteld. Dat houdt in dat de werkgever de eigenaar blijf van de fiets en de [&hellip;]<\/p>\n","protected":false},"author":1,"featured_media":0,"comment_status":"closed","ping_status":"closed","sticky":false,"template":"","format":"standard","meta":{"_acf_changed":false,"footnotes":""},"categories":[1],"tags":[],"class_list":["post-1268","post","type-post","status-publish","format-standard","hentry","category-uncategorized"],"acf":[],"_links":{"self":[{"href":"https:\/\/vwg.nl\/de\/wp-json\/wp\/v2\/posts\/1268","targetHints":{"allow":["GET"]}}],"collection":[{"href":"https:\/\/vwg.nl\/de\/wp-json\/wp\/v2\/posts"}],"about":[{"href":"https:\/\/vwg.nl\/de\/wp-json\/wp\/v2\/types\/post"}],"author":[{"embeddable":true,"href":"https:\/\/vwg.nl\/de\/wp-json\/wp\/v2\/users\/1"}],"replies":[{"embeddable":true,"href":"https:\/\/vwg.nl\/de\/wp-json\/wp\/v2\/comments?post=1268"}],"version-history":[{"count":0,"href":"https:\/\/vwg.nl\/de\/wp-json\/wp\/v2\/posts\/1268\/revisions"}],"wp:attachment":[{"href":"https:\/\/vwg.nl\/de\/wp-json\/wp\/v2\/media?parent=1268"}],"wp:term":[{"taxonomy":"category","embeddable":true,"href":"https:\/\/vwg.nl\/de\/wp-json\/wp\/v2\/categories?post=1268"},{"taxonomy":"post_tag","embeddable":true,"href":"https:\/\/vwg.nl\/de\/wp-json\/wp\/v2\/tags?post=1268"}],"curies":[{"name":"wp","href":"https:\/\/api.w.org\/{rel}","templated":true}]}}